{"id":186,"date":"2016-09-23T09:44:40","date_gmt":"2016-09-23T09:44:40","guid":{"rendered":"http:\/\/sebastiankaindl.com\/?p=186"},"modified":"2016-09-23T09:47:57","modified_gmt":"2016-09-23T09:47:57","slug":"kraft-das-perfekte-programm","status":"publish","type":"post","link":"http:\/\/sebastiankaindl.com\/?p=186","title":{"rendered":"Kraft &#8211; Das perfekte Programm"},"content":{"rendered":"<p>Meine letzten Artikel haben sich mit zwei sehr unterschiedlichen Trainingsmethoden besch\u00e4ftigt und als ich nun am dritten Artikel zu diesem Thema sa\u00df dachte ich mir, dass es eigentlich wesentlich mehr Sinn macht Dinge zu pr\u00e4sentieren, die ein Trainingsprogramm sinnvoll machen. Leider kann ich nicht zu viele gute Worte \u00fcber die g\u00e4ngigen Programme verlieren, denn ein Smolov Cycle mag schon Kilos auf die Kniebeuge klatschen &#8211; aber zu welchen Kosten?<\/p>\n<figure id=\"attachment_5\" aria-describedby=\"caption-attachment-5\" style=\"width: 300px\" class=\"wp-caption alignnone\"><img loading=\"lazy\" class=\"size-medium wp-image-5\" src=\"http:\/\/sebastiankaindl.com\/wp-content\/uploads\/2016\/01\/FullSizeRender-300x225.jpg\" alt=\"Krafttraining\" width=\"300\" height=\"225\" srcset=\"http:\/\/sebastiankaindl.com\/wp-content\/uploads\/2016\/01\/FullSizeRender-300x225.jpg 300w, http:\/\/sebastiankaindl.com\/wp-content\/uploads\/2016\/01\/FullSizeRender-768x576.jpg 768w, http:\/\/sebastiankaindl.com\/wp-content\/uploads\/2016\/01\/FullSizeRender-1024x768.jpg 1024w\" sizes=\"(max-width: 300px) 100vw, 300px\" \/><figcaption id=\"caption-attachment-5\" class=\"wp-caption-text\">Krafttraining<\/figcaption><\/figure>\n<p>In diesem Sinne werde ich nun erst zwei Prinzipen erl\u00e4utern, denen man folgen sollte und dann auf einzelne Faktoren eingehen, die ein gutes Programm ausmachen.<\/p>\n<p><strong>Langfristige Entwicklung<\/strong><\/p>\n<p>So sehr ich einige immer noch damit entt\u00e4uschen mag und so sehr andere es wissen, aber eventuell ein wenig verdr\u00e4ngen:<\/p>\n<p><em><strong>Man wird nicht in 12 Wochen stark.\u00a0<\/strong><\/em><\/p>\n<p>Sicherlich wird man in diesem Zeitraum st\u00e4rker, aber wirklich Kraft aufzubauen dauert. Ich spreche hier nicht davon mit 90kg 100kg auf der Bank zu dr\u00fccken, sondern davon tats\u00e4chlich stark zu werden.<\/p>\n<p>&nbsp;<\/p>\n<p>Bevor sich jemand aufregt, weil ich mich auf equipped Heber beziehe: Die IPF hat noch nicht lange Classic Wettk\u00e4mpfe, daher w\u00fcrden die Daten hier das Bild f\u00e4lschlich verzerren. \u00a0Schauen wir uns also mal die ersten drei Pl\u00e4tze der Meldeliste zu den diesj\u00e4hrigen IPF World Championships der Klassen bis 83kg, bis 93kg, bis 105kg an:<\/p>\n<table style=\"height: 682px;\" width=\"476\" cellspacing=\"0\" cellpadding=\"0\">\n<tbody>\n<tr>\n<td valign=\"top\"><span style=\"color: #000000; font-family: Helvetica; font-size: small;\"><b>83kg<\/b><\/span><\/td>\n<td valign=\"top\"><span style=\"color: #000000; font-family: Helvetica; font-size: small;\"><b>Alter<\/b><\/span><\/td>\n<td valign=\"top\"><span style=\"color: #000000; font-family: Helvetica; font-size: small;\"><b>Wettkampfjahre International<\/b><\/span><\/td>\n<\/tr>\n<tr>\n<td valign=\"top\"><span style=\"color: #000000; font-family: Helvetica; font-size: small;\"><b>1. Naniev, Andriy<\/b><\/span><\/td>\n<td valign=\"top\">\n<p align=\"right\"><span style=\"color: #000000; font-family: Helvetica; font-size: small;\">32<\/span><\/p>\n<\/td>\n<td valign=\"top\">\n<p align=\"right\"><span style=\"color: #000000; font-family: Helvetica; font-size: small;\">8<\/span><\/p>\n<\/td>\n<\/tr>\n<tr>\n<td valign=\"top\"><span style=\"color: #000000; font-family: Helvetica; font-size: small;\"><b>2. Rysiyev, Volodymyr<\/b><\/span><\/td>\n<td valign=\"top\">\n<p align=\"right\"><span style=\"color: #000000; font-family: Helvetica; font-size: small;\">34<\/span><\/p>\n<\/td>\n<td valign=\"top\">\n<p align=\"right\"><span style=\"color: #000000; font-family: Helvetica; font-size: small;\">11<\/span><\/p>\n<\/td>\n<\/tr>\n<tr>\n<td valign=\"top\"><span style=\"color: #000000; font-family: Helvetica; font-size: small;\"><b>3. Ramzy, Adam<\/b><\/span><\/td>\n<td valign=\"top\">\n<p align=\"right\"><span style=\"color: #000000; font-family: Helvetica; font-size: small;\">26<\/span><\/p>\n<\/td>\n<td valign=\"top\">\n<p align=\"right\"><span style=\"color: #000000; font-family: Helvetica; font-size: small;\">4<\/span><\/p>\n<\/td>\n<\/tr>\n<tr>\n<td valign=\"top\"><\/td>\n<td valign=\"top\"><\/td>\n<td valign=\"top\"><\/td>\n<\/tr>\n<tr>\n<td valign=\"top\"><span style=\"color: #000000; font-family: Helvetica; font-size: small;\"><b>93kg<\/b><\/span><\/td>\n<td valign=\"top\"><\/td>\n<td valign=\"top\"><\/td>\n<\/tr>\n<tr>\n<td valign=\"top\"><span style=\"color: #000000; font-family: Helvetica; font-size: small;\"><b>1. Bilyi, Sergii<\/b><\/span><\/td>\n<td valign=\"top\">\n<p align=\"right\"><span style=\"color: #000000; font-family: Helvetica; font-size: small;\">26<\/span><\/p>\n<\/td>\n<td valign=\"top\">\n<p align=\"right\"><span style=\"color: #000000; font-family: Helvetica; font-size: small;\">8<\/span><\/p>\n<\/td>\n<\/tr>\n<tr>\n<td valign=\"top\"><span style=\"color: #000000; font-family: Helvetica; font-size: small;\"><b>2. Inzarkin, Dmitry<\/b><\/span><\/td>\n<td valign=\"top\">\n<p align=\"right\"><span style=\"color: #000000; font-family: Helvetica; font-size: small;\">29<\/span><\/p>\n<\/td>\n<td valign=\"top\">\n<p align=\"right\"><span style=\"color: #000000; font-family: Helvetica; font-size: small;\">7<\/span><\/p>\n<\/td>\n<\/tr>\n<tr>\n<td valign=\"top\"><span style=\"color: #000000; font-family: Helvetica; font-size: small;\"><b>3. Coimbra, David<\/b><\/span><\/td>\n<td valign=\"top\">\n<p align=\"right\"><span style=\"color: #000000; font-family: Helvetica; font-size: small;\">33<\/span><\/p>\n<\/td>\n<td valign=\"top\">\n<p align=\"right\"><span style=\"color: #000000; font-family: Helvetica; font-size: small;\">6<\/span><\/p>\n<\/td>\n<\/tr>\n<tr>\n<td valign=\"top\"><\/td>\n<td valign=\"top\"><\/td>\n<td valign=\"top\"><\/td>\n<\/tr>\n<tr>\n<td valign=\"top\"><span style=\"color: #000000; font-family: Helvetica; font-size: small;\"><b>105kg<\/b><\/span><\/td>\n<td valign=\"top\"><\/td>\n<td valign=\"top\"><\/td>\n<\/tr>\n<tr>\n<td valign=\"top\"><span style=\"color: #000000; font-family: Helvetica; font-size: small;\"><b>1. Semenenko, Dmytro<\/b><\/span><\/td>\n<td valign=\"top\">\n<p align=\"right\"><span style=\"color: #000000; font-family: Helvetica; font-size: small;\">28<\/span><\/p>\n<\/td>\n<td valign=\"top\">\n<p align=\"right\"><span style=\"color: #000000; font-family: Helvetica; font-size: small;\">8<\/span><\/p>\n<\/td>\n<\/tr>\n<tr>\n<td valign=\"top\"><span style=\"color: #000000; font-family: Helvetica; font-size: small;\"><b>2. Walgermo, Stian<\/b><\/span><\/td>\n<td valign=\"top\">\n<p align=\"right\"><span style=\"color: #000000; font-family: Helvetica; font-size: small;\">28<\/span><\/p>\n<\/td>\n<td valign=\"top\">\n<p align=\"right\"><span style=\"color: #000000; font-family: Helvetica; font-size: small;\">7<\/span><\/p>\n<\/td>\n<\/tr>\n<tr>\n<td valign=\"top\"><span style=\"color: #000000; font-family: Helvetica; font-size: small;\"><b>3. Belkesir, Sofiane<\/b><\/span><\/td>\n<td valign=\"top\">\n<p align=\"right\"><span style=\"color: #000000; font-family: Helvetica; font-size: small;\">32<\/span><\/p>\n<\/td>\n<td valign=\"top\">\n<p align=\"right\"><span style=\"color: #000000; font-family: Helvetica; font-size: small;\">6<\/span><\/p>\n<\/td>\n<\/tr>\n<\/tbody>\n<\/table>\n<p><strong><em>Bis auf Ramzy sind alle Athleten seit mindestens sechs Jahren international aktiv, um auf dieses Level zu kommen hat es sicher nochmal einige Jahre auf nationaler Ebene gedauert.\u00a0<\/em><\/strong><\/p>\n<p>Sicherlich\u00a0ist es nicht das Ziel von jedem auf internationalem Niveau KDK zu betreiben, dennoch zeigen uns diese Beispiele, dass Kraft etwas ist was man sich durch Konstanz und Langfristigkeit erarbeitet.<\/p>\n<p><strong>Train optimally &#8211; not maximally<\/strong><\/p>\n<p>nat\u00fcrlich predige ich das auch auf diesem Blog immer wieder und wieder. Auch wenn wir alle Training lieben und unsere Zeit gerne damit f\u00fcllen gilt dennoch:<\/p>\n<ol>\n<li>\u00a0Heber A \u00a0absolviert drei\u00a0Trainingseinheiten\/ Woche, Heber B f\u00fcnf und\u00a0beide erreichen\u00a0die selben Bestleistungen gleichem Zeitraum, dann hat es Heber A kl\u00fcger angestellt als Heber B &#8211; er hat scheinbar optimal trainiert.<\/li>\n<li>Au\u00dfer Heber B hat die zus\u00e4tzliche Zeit vielleicht nicht in die direkte Leistungsentwicklung gesteckt, sondern in pr\u00e4ventive Ma\u00dfnahmen wie z.B. keine Schwachstellen entwickeln.<\/li>\n<\/ol>\n<p>In Fall 2 ist davon auszugehen, dass Heber B in der Zukunft eine schnellere Entwicklung zeigen wird als Heber A, der eventuell Schwachpunkte zeigt, welche seine Leistungsentwicklung bremsen oder zu Verletzungen f\u00fchren. \u00a0Grundlegend ist festzuhalten es geht nicht darum so viel zu trainieren wie man nur schafft, sondern so effektiv.<\/p>\n<p>Nun zu den essentiellen Punkten:<\/p>\n<p><strong>Progression\u00a0<\/strong><\/p>\n<p>Das Training soll einen Fortschritt bringen\u00a0dementsprechend\u00a0sollte es eine Form der Progression aufweisen. Hier gibt es verschiedene Wege dies zu erreichen:<\/p>\n<ul>\n<li><em>Steigerung des Volumens<\/em><\/li>\n<li><em>Steigerung der Intensit\u00e4t<\/em><\/li>\n<li><em>\u00dcbungsvariation<\/em><\/li>\n<\/ul>\n<p>Durch <strong><em>Variation der \u00dcbungen<\/em> <\/strong>kann ich zumindest eine Zeit den Stimulus des Trainings so variieren, dass ich mich anpassen werde. Habe ich dann noch eine Reihenfolge in der die \u00dcbungen zunehmend schwerer werden, das Maximum der einzelnen \u00dcbungen unterscheidet sich, dann k\u00f6nnte ich bei gleicher relativer Intensit\u00e4t eine Progression erreichen. Was ich damit meine?<\/p>\n<p>Woche 1-2 Frontkniebeuge 4&#215;8@70% =105kg (1RM=150kg)<\/p>\n<p>Woche 3-4 Safetybar Kniebeuge 4&#215;8@70% = 125kg (1RM=180kg)<\/p>\n<p>Woche 5-6 Kniebeuge 4&#215;8@70% = 140kg (1RM = 200kg)<\/p>\n<p>Diese Vorgehensweise k\u00f6nnen\u00a0wir auch im <a href=\"http:\/\/sebastiankaindl.com\/?p=159\">Westside Bargell Artikel<\/a> sehen.<\/p>\n<p><strong><em>Steigerung<\/em><em> der Intensit\u00e4<\/em><em>t<\/em><\/strong> bedeutet schlicht mehr Gewicht. Nat\u00fcrlich kann man nicht einfach immer mehr drauf packen jede Woche. Hier sollte ein sinnvoller Ansatz daf\u00fcr sorgen, dass m\u00f6glichst langfristig Fortschritt gemacht werden kann. Wenn ihr also ein Programm seht, dass einfach jede Woche das Gleiche macht nur sollt ihr immer ein wenig mehr Gewicht nehmen, solltet ihr schon skeptisch werden. Das geh\u00f6rte ja auch zu meinen Hauptkritikpunkten an der <a href=\"http:\/\/sebastiankaindl.com\/?p=175\">Texas Methode<\/a>.<\/p>\n<p>Wie <strong><em>Steigere ich das Volumen<\/em><\/strong>? Mehr Wiederholungen oder mehr S\u00e4tze, oder eine Kombination aus beidem. Selbstverst\u00e4ndlich gibt es mehrere unterschiedliche Formen Volumen zu betrachten, Tonnage, Wdh, Arbeit, darauf werde ich aber erst in einem gesonderten Artikel eingehen. Mehr zu machen ist sicherlich sehr wichtig, gerade wenn es das Ziel ist Muskeln aufzubauen.<\/p>\n<p><strong>Erholung<\/strong><\/p>\n<p>jeder kennt den Spruch der Muskel w\u00e4chst in der Ruhe. Training ist der Stimulus, auf den in der Regenerationsphase die Anpassung erfolgt. Und letzteres ist was wir wollen. Die Anpassung bedeutet wir sind st\u00e4rker, muskul\u00f6ser etc. dementsprechend sollte sich jedes Trainingsprogramm auch damit auseinandersetzen wie man sich vom Training erholt. Das beinhaltet unterschiedliche Belastungen w\u00e4hrend einer Woche und auch unterschiedliche Belastungen in einem Monat. Hierzu geh\u00f6ren auch Dinge wie Entlastungs- oder Deloadphasen.<\/p>\n<p><strong>Spezifik<\/strong><\/p>\n<p>Das Training muss auf unser Ziel ausgerichtet sein und somit spezifisch f\u00fcr das was wir erreichen wollen. Ein bi\u00dfchen was zu diesem Thema habe ich<a href=\"https:\/\/youtu.be\/VfEk1F7zksw\"> hier<\/a> schon erw\u00e4hnt. Nicht alle unsere Trainingsinhalte m\u00fcssen spezifisch sein, aber die Ausrichtung.<\/p>\n<p>In den folgenden Wochen werde ich euch die Variablen des Krafttrainings wie Intensit\u00e4t und Volumen n\u00e4her bringen und mal ab und zu ein Programm unter die Lupe nehmen, bevor es zu Themen wie Loading geht.<\/p>\n<p>Euer Coach B<\/p>\n","protected":false},"excerpt":{"rendered":"<p>Meine letzten Artikel haben sich mit zwei sehr unterschiedlichen Trainingsmethoden besch\u00e4ftigt und als ich nun am dritten Artikel zu diesem Thema sa\u00df dachte ich mir, dass es eigentlich wesentlich mehr Sinn macht Dinge zu pr\u00e4sentieren, die ein Trainingsprogramm sinnvoll machen. Leider kann ich nicht zu viele gute Worte \u00fcber die g\u00e4ngigen Programme verlieren, denn ein &hellip; <a href=\"http:\/\/sebastiankaindl.com\/?p=186\" class=\"more-link\"><span class=\"screen-reader-text\">Kraft &#8211; Das perfekte Programm<\/span> weiterlesen <span class=\"meta-nav\">&rarr;<\/span><\/a><\/p>\n","protected":false},"author":1,"featured_media":87,"comment_status":"open","ping_status":"open","sticky":false,"template":"","format":"standard","meta":[],"categories":[5,4],"tags":[20,32,35,65],"_links":{"self":[{"href":"http:\/\/sebastiankaindl.com\/index.php?rest_route=\/wp\/v2\/posts\/186"}],"collection":[{"href":"http:\/\/sebastiankaindl.com\/index.php?rest_route=\/wp\/v2\/posts"}],"about":[{"href":"http:\/\/sebastiankaindl.com\/index.php?rest_route=\/wp\/v2\/types\/post"}],"author":[{"embeddable":true,"href":"http:\/\/sebastiankaindl.com\/index.php?rest_route=\/wp\/v2\/users\/1"}],"replies":[{"embeddable":true,"href":"http:\/\/sebastiankaindl.com\/index.php?rest_route=%2Fwp%2Fv2%2Fcomments&post=186"}],"version-history":[{"count":4,"href":"http:\/\/sebastiankaindl.com\/index.php?rest_route=\/wp\/v2\/posts\/186\/revisions"}],"predecessor-version":[{"id":195,"href":"http:\/\/sebastiankaindl.com\/index.php?rest_route=\/wp\/v2\/posts\/186\/revisions\/195"}],"wp:featuredmedia":[{"embeddable":true,"href":"http:\/\/sebastiankaindl.com\/index.php?rest_route=\/wp\/v2\/media\/87"}],"wp:attachment":[{"href":"http:\/\/sebastiankaindl.com\/index.php?rest_route=%2Fwp%2Fv2%2Fmedia&parent=186"}],"wp:term":[{"taxonomy":"category","embeddable":true,"href":"http:\/\/sebastiankaindl.com\/index.php?rest_route=%2Fwp%2Fv2%2Fcategories&post=186"},{"taxonomy":"post_tag","embeddable":true,"href":"http:\/\/sebastiankaindl.com\/index.php?rest_route=%2Fwp%2Fv2%2Ftags&post=186"}],"curies":[{"name":"wp","href":"https:\/\/api.w.org\/{rel}","templated":true}]}}